{"id":1156,"date":"2021-09-14T19:54:44","date_gmt":"2021-09-14T23:54:44","guid":{"rendered":"https:\/\/investorleadershipnetwork.org\/jean-raby-charles-emond-appointed-copresidents-du-conseil-des-ceo-de-linvestor-leadership-network\/"},"modified":"2021-09-14T19:54:44","modified_gmt":"2021-09-14T23:54:44","slug":"jean-raby-charles-emond-appointed-copresidents-du-conseil-des-ceo-de-linvestor-leadership-network","status":"publish","type":"post","link":"https:\/\/investorleadershipnetwork.org\/fr\/jean-raby-charles-emond-appointed-copresidents-du-conseil-des-ceo-de-linvestor-leadership-network\/","title":{"rendered":"Jean Raby &amp; Charles Emond Appointed Copr\u00e9sidents du Conseil des CEO de l&rsquo;Investor Leadership Network"},"content":{"rendered":"<p><img loading=\"lazy\" decoding=\"async\" class=\"size-medium wp-image-987 aligncenter\" src=\"https:\/\/investorleadershipnetwork.org\/wp-content\/uploads\/\/aDAW-720x540.jpg\" alt=\"Portrait de Jean Raby et Charles Emond membres du conseil d'administration de l'ILN\" width=\"720\" height=\"540\" srcset=\"https:\/\/investorleadershipnetwork.org\/wp-content\/uploads\/aDAW-720x540.jpg 720w, https:\/\/investorleadershipnetwork.org\/wp-content\/uploads\/aDAW-768x576.jpg 768w, https:\/\/investorleadershipnetwork.org\/wp-content\/uploads\/aDAW-510x382.jpg 510w, https:\/\/investorleadershipnetwork.org\/wp-content\/uploads\/aDAW-480x360.jpg 480w, https:\/\/investorleadershipnetwork.org\/wp-content\/uploads\/aDAW.jpg 800w\" sizes=\"auto, (max-width: 720px) 100vw, 720px\" \/><\/p>\n<p>Jean Raby, chef de la direction de Natixis Investment Managers et Charles Emond, pr\u00e9sident et chef de la direction de la Caisse de d\u00e9p\u00f4t et placement du Qu\u00e9bec sont nomm\u00e9s copr\u00e9sidents du Conseil des CEO du RLI.<\/p>\n<h4><strong>Amy Hepburn D\u00e9sign\u00e9 commeCEO du Secr\u00e9tariat<\/strong><\/h4>\n<p><a href=\"https:\/\/www.investorleadershipnetwork.org\/en\/\">L&rsquo;Investor Leadership Network<\/a> (ILN) a annonc\u00e9 aujourd&rsquo;hui que Jean Raby, CEO de<a href=\"https:\/\/www.im.natixis.com\/us\/home\">Natixis Investment Managers<\/a>, et Charles Emond, Pr\u00e9sident et CEO ode<a href=\"https:\/\/www.cdpq.com\/en\">CDPQ<\/a>, ont \u00e9t\u00e9 nomm\u00e9s copr\u00e9sidents du Conseil des CEO de l&rsquo;ILN, et Amy Hepburn a \u00e9t\u00e9 r\u00e9cemment nomm\u00e9 CEO du Secr\u00e9tariat de l&rsquo;ILN. Dans leurs nouveaux r\u00f4les, Hepburn dirigera les travaux de l&rsquo;organisation, qui sont centr\u00e9s sur trois initiatives majeures couvrant la diversit\u00e9 des investissements, les divulgations climatiques et les infrastructures durables, tandis que Raby et Emond dirigeront le Conseil des CEO du groupe. L&rsquo;annonce intervient alors que l&rsquo;ILN c\u00e9l\u00e8bre le deuxi\u00e8me anniversaire de sa cr\u00e9ation.<\/p>\n<p>Dans son r\u00f4le nouvellement cr\u00e9\u00e9, Hepburn guidera les efforts de l&rsquo;ILN pour faciliter la collaboration entre les principaux investisseurs mondiaux sur les questions cl\u00e9s li\u00e9es \u00e0 la durabilit\u00e9 et \u00e0 la croissance \u00e0 long terme. Elle contribuera \u00e9galement \u00e0 \u00e9largir le nombre de membres de l&rsquo;ILN, qui compte d\u00e9sormais 14 investisseurs mondiaux de premier plan, ainsi que ses partenariats avec les gouvernements du G7, les institutions multilat\u00e9rales, les organisations philanthropiques et d&rsquo;autres groupes, pour aider \u00e0 acc\u00e9l\u00e9rer la cr\u00e9ation par l&rsquo;ILN de solutions financi\u00e8res innovantes et catalytiques pour une \u00e9conomie durable, diversifi\u00e9e et inclusive.<\/p>\n<p>Raby et Emond succ\u00e8dent aux copr\u00e9sidents fondateurs du Conseil des chefs de la direction de l&rsquo;ILN, Ron Mock, l&rsquo;ancien chef de la direction du R\u00e9gime de retraite des enseignantes et des enseignants de l&rsquo;Ontario, et Michael Sabia, l&rsquo;ancien pr\u00e9sident et chef de la direction de la CDPQ. Mock et Sabia, qui ont dirig\u00e9 les travaux de l&rsquo;ILN depuis sa cr\u00e9ation en juin 2018, ont quitt\u00e9 leurs fonctions au sein de l&rsquo;organisation plus t\u00f4t cette ann\u00e9e. Raby et Emond ont convoqu\u00e9 le Conseil des CEO , compos\u00e9 des CEO de chaque cabinet membre, le 12 juin pour son forum phare afin de discuter des engagements strat\u00e9giques du r\u00e9seau et de d\u00e9finir ses priorit\u00e9s.<\/p>\n<blockquote class=\"wp-block-quote\"><p>\u00ab\u00a0L&rsquo;ILN est particuli\u00e8rement bien plac\u00e9 pour conduire un changement positif \u00e0 un moment d\u00e9cisif gr\u00e2ce \u00e0 des initiatives concr\u00e8tes. Je suis fier de continuer dans la voie trac\u00e9e par Ron et Michael, avec ce groupe de CEO de premier plan qui souhaitent jouer un r\u00f4le actif dans la r\u00e9solution de certains des probl\u00e8mes les plus importants auxquels nous sommes confront\u00e9s aujourd&rsquo;hui. L&rsquo;expertise d&rsquo;Amy sera inestimable pour faire avancer les choses dans ce contexte sans pr\u00e9c\u00e9dent\u00a0\u00bb, a d\u00e9clar\u00e9 Charles Emond, pr\u00e9sident et chef de la direction de la Caisse et copr\u00e9sident de l&rsquo;Investor Leadership Network CEO Council.<\/p><\/blockquote>\n<blockquote class=\"wp-block-quote\"><p>\u00ab\u00a0Les propri\u00e9taires d&rsquo;actifs et les gestionnaires d&rsquo;actifs mondiaux sont bien plac\u00e9s pour influencer l&rsquo;agenda commercial mondial, je suis donc fier de me joindre \u00e0 ces CEO partageant les m\u00eames id\u00e9es qui se sont engag\u00e9s \u00e0 conduire un changement \u00e9conomique et soci\u00e9tal positif. Le Conseil des CEO de l&rsquo;ILN s&rsquo;engage \u00e0 maintenir l&rsquo;\u00e9lan g\u00e9n\u00e9r\u00e9 par le leadership de Ron et Michael, et l&rsquo;ajout d&rsquo;un leader exp\u00e9riment\u00e9 comme Amy nous permettra d&rsquo;acc\u00e9l\u00e9rer notre programme cibl\u00e9 mais ambitieux\u00a0\u00bb , a d\u00e9clar\u00e9 Jean Raby, CEO de Natixis Investment Managers et co-pr\u00e9sident de le Conseil des CEO du R\u00e9seau de leadership des investisseurs.<\/p><\/blockquote>\n<blockquote class=\"wp-block-quote\"><p>\u00ab\u00a0Tout au long de ma carri\u00e8re, je me suis associ\u00e9 \u00e0 des dirigeants visionnaires, des gouvernements du G7, des entrepreneurs sociaux, des organisations \u00e0 but non lucratif, des entreprises avant-gardistes, des fondations et des philanthropes de capital-risque pour rechercher des solutions innovantes aux probl\u00e8mes sociaux persistants. L&rsquo;ILN s&rsquo;est rapidement impos\u00e9 comme une collection orient\u00e9e vers l&rsquo;action de certains des investisseurs les plus influents au monde ax\u00e9s sur la catalysation de l&rsquo;action mondiale, je suis donc ravie de diriger leurs efforts vers une nouvelle \u00e8re\u00a0\u00bb, a d\u00e9clar\u00e9 Amy Hepburn, L&rsquo;Investor Leadership Network.<\/p><\/blockquote>\n<p><img loading=\"lazy\" decoding=\"async\" class=\"wp-image-989 aligncenter\" src=\"https:\/\/investorleadershipnetwork.org\/wp-content\/uploads\/ILN_AmyHepburn_15062020-e1592232475731.jpg\" alt=\"T\u00eate d'Amy Hepburn\" width=\"270\" height=\"308\"><\/p>\n<p>Amy Hepburn a pr\u00e8s de 20 ans d&rsquo;exp\u00e9rience dans la conduite du changement social \u00e0 l&rsquo;\u00e9chelle mondiale dans les secteurs priv\u00e9, \u00e0 but non lucratif et public gr\u00e2ce \u00e0 la cr\u00e9ation de partenariats public\/priv\u00e9 uniques et \u00e0 l&rsquo;investissement pour des retours sociaux \u00e0 fort impact. Elle est experte en investissement \u00e0 impact social et en entrepreneuriat social, en se concentrant sur les investissements sociaux ax\u00e9s sur le genre et le d\u00e9veloppement international. Hepburn a \u00e9t\u00e9 d\u00e9l\u00e9gu\u00e9e au premier Conseil consultatif sur l&rsquo;\u00e9galit\u00e9 des sexes du G7 et membre active du Forum mondial des femmes sur l&rsquo;\u00e9conomie et la soci\u00e9t\u00e9. Elle est professeure \u00e0 l&rsquo;Universit\u00e9 Duke et \u00e0 l&rsquo;Universit\u00e9 George Washington, o\u00f9 elle enseigne l&rsquo;impact social, l&rsquo;\u00e9galit\u00e9 des sexes, les droits de l&rsquo;homme et l&rsquo;action humanitaire.<\/p>\n<span class=\"et_bloom_bottom_trigger\"><\/span>","protected":false},"excerpt":{"rendered":"<p>Jean Raby, chef de la direction de Natixis Investment Managers et Charles Emond, pr\u00e9sident et chef de la direction de la Caisse de d\u00e9p\u00f4t et placement du Qu\u00e9bec sont nomm\u00e9s copr\u00e9sidents du Conseil des CEO du RLI. Amy Hepburn D\u00e9sign\u00e9 commeCEO du Secr\u00e9tariat L&rsquo;Investor Leadership Network (ILN) a annonc\u00e9 aujourd&rsquo;hui que Jean Raby, CEO deNatixis [&hellip;]<\/p>\n","protected":false},"author":2,"featured_media":987,"comment_status":"closed","ping_status":"closed","sticky":false,"template":"","format":"standard","meta":{"_et_pb_use_builder":"","_et_pb_old_content":"","_et_gb_content_width":"","om_disable_all_campaigns":false,"_monsterinsights_skip_tracking":false,"_monsterinsights_sitenote_active":false,"_monsterinsights_sitenote_note":"","_monsterinsights_sitenote_category":0,"_uf_show_specific_survey":0,"_uf_disable_surveys":false,"footnotes":""},"categories":[38],"tags":[],"class_list":["post-1156","post","type-post","status-publish","format-standard","has-post-thumbnail","hentry","category-communiques-de-presse"],"aioseo_notices":[],"yoast_head":"<!-- This site is optimized with the Yoast SEO plugin v17.4 - https:\/\/yoast.com\/wordpress\/plugins\/seo\/ -->\n<title>Jean Raby &amp; Charles Emond nomm\u00e9s copr\u00e9sidents du conseil des chefs de la direction<\/title>\n<meta name=\"description\" content=\"Jean Raby, CEO of Natixis Investment Managers, et Charles Emond, President et CEO de CDPQ, ont \u00e9t\u00e9 nomm\u00e9s copr\u00e9sidents du Conseil des CEO de l&#039;ILN\" \/>\n<meta name=\"robots\" content=\"index, follow, max-snippet:-1, max-image-preview:large, max-video-preview:-1\" \/>\n<link rel=\"canonical\" href=\"https:\/\/investorleadershipnetwork.org\/fr\/jean-raby-charles-emond-appointed-copresidents-du-conseil-des-ceo-de-linvestor-leadership-network\/\" \/>\n<meta property=\"og:locale\" content=\"fr_FR\" \/>\n<meta property=\"og:type\" content=\"article\" \/>\n<meta property=\"og:title\" content=\"Jean Raby &amp; Charles Emond nomm\u00e9s copr\u00e9sidents du conseil des chefs de la direction\" \/>\n<meta property=\"og:description\" content=\"Jean Raby, CEO of Natixis Investment Managers, et Charles Emond, President et CEO de CDPQ, ont \u00e9t\u00e9 nomm\u00e9s copr\u00e9sidents du Conseil des CEO de l&#039;ILN\" \/>\n<meta property=\"og:url\" content=\"https:\/\/investorleadershipnetwork.org\/fr\/jean-raby-charles-emond-appointed-copresidents-du-conseil-des-ceo-de-linvestor-leadership-network\/\" \/>\n<meta property=\"og:site_name\" content=\"Investor Leadership Network\" \/>\n<meta property=\"article:published_time\" content=\"2021-09-14T23:54:44+00:00\" \/>\n<meta property=\"og:image\" content=\"https:\/\/investorleadershipnetwork.org\/wp-content\/uploads\/aDAW.jpg\" \/>\n\t<meta property=\"og:image:width\" content=\"800\" \/>\n\t<meta property=\"og:image:height\" content=\"600\" \/>\n<meta name=\"twitter:card\" content=\"summary_large_image\" \/>\n<meta name=\"twitter:label1\" content=\"\u00c9crit par\" \/>\n\t<meta name=\"twitter:data1\" content=\"nick\" \/>\n\t<meta name=\"twitter:label2\" content=\"Dur\u00e9e de lecture est.\" \/>\n\t<meta name=\"twitter:data2\" content=\"4 minutes\" \/>\n<script type=\"application\/ld+json\" class=\"yoast-schema-graph\">{\"@context\":\"https:\/\/schema.org\",\"@graph\":[{\"@type\":\"Organization\",\"@id\":\"https:\/\/investorleadershipnetwork.org\/fr\/#organization\",\"name\":\"Investor Leadership Network\",\"url\":\"https:\/\/investorleadershipnetwork.org\/fr\/\",\"sameAs\":[\"https:\/\/www.linkedin.com\/company\/investorleadershipnetwork\"],\"logo\":{\"@type\":\"ImageObject\",\"@id\":\"https:\/\/investorleadershipnetwork.org\/fr\/#logo\",\"inLanguage\":\"fr-FR\",\"url\":\"https:\/\/investorleadershipnetwork.org\/wp-content\/uploads\/ILN_Logo_en.svg\",\"contentUrl\":\"https:\/\/investorleadershipnetwork.org\/wp-content\/uploads\/ILN_Logo_en.svg\",\"width\":769,\"height\":348,\"caption\":\"Investor Leadership Network\"},\"image\":{\"@id\":\"https:\/\/investorleadershipnetwork.org\/fr\/#logo\"}},{\"@type\":\"WebSite\",\"@id\":\"https:\/\/investorleadershipnetwork.org\/fr\/#website\",\"url\":\"https:\/\/investorleadershipnetwork.org\/fr\/\",\"name\":\"Investor Leadership Network\",\"description\":\"Staging Site\",\"publisher\":{\"@id\":\"https:\/\/investorleadershipnetwork.org\/fr\/#organization\"},\"potentialAction\":[{\"@type\":\"SearchAction\",\"target\":{\"@type\":\"EntryPoint\",\"urlTemplate\":\"https:\/\/investorleadershipnetwork.org\/fr\/?s={search_term_string}\"},\"query-input\":\"required name=search_term_string\"}],\"inLanguage\":\"fr-FR\"},{\"@type\":\"ImageObject\",\"@id\":\"https:\/\/investorleadershipnetwork.org\/fr\/jean-raby-charles-emond-appointed-copresidents-du-conseil-des-ceo-de-linvestor-leadership-network\/#primaryimage\",\"inLanguage\":\"fr-FR\",\"url\":\"https:\/\/investorleadershipnetwork.org\/wp-content\/uploads\/aDAW.jpg\",\"contentUrl\":\"https:\/\/investorleadershipnetwork.org\/wp-content\/uploads\/aDAW.jpg\",\"width\":800,\"height\":600,\"caption\":\"Portrait de Jean Raby et Charles Emond membres du conseil d'administration de l'ILN\"},{\"@type\":\"WebPage\",\"@id\":\"https:\/\/investorleadershipnetwork.org\/fr\/jean-raby-charles-emond-appointed-copresidents-du-conseil-des-ceo-de-linvestor-leadership-network\/#webpage\",\"url\":\"https:\/\/investorleadershipnetwork.org\/fr\/jean-raby-charles-emond-appointed-copresidents-du-conseil-des-ceo-de-linvestor-leadership-network\/\",\"name\":\"Jean Raby & Charles Emond nomm\\u00e9s copr\\u00e9sidents du conseil des chefs de la direction\",\"isPartOf\":{\"@id\":\"https:\/\/investorleadershipnetwork.org\/fr\/#website\"},\"primaryImageOfPage\":{\"@id\":\"https:\/\/investorleadershipnetwork.org\/fr\/jean-raby-charles-emond-appointed-copresidents-du-conseil-des-ceo-de-linvestor-leadership-network\/#primaryimage\"},\"datePublished\":\"2021-09-14T23:54:44+00:00\",\"dateModified\":\"2021-09-14T23:54:44+00:00\",\"description\":\"Jean Raby, CEO of Natixis Investment Managers, et Charles Emond, President et CEO de CDPQ, ont \\u00e9t\\u00e9 nomm\\u00e9s copr\\u00e9sidents du Conseil des CEO de l'ILN\",\"breadcrumb\":{\"@id\":\"https:\/\/investorleadershipnetwork.org\/fr\/jean-raby-charles-emond-appointed-copresidents-du-conseil-des-ceo-de-linvestor-leadership-network\/#breadcrumb\"},\"inLanguage\":\"fr-FR\",\"potentialAction\":[{\"@type\":\"ReadAction\",\"target\":[\"https:\/\/investorleadershipnetwork.org\/fr\/jean-raby-charles-emond-appointed-copresidents-du-conseil-des-ceo-de-linvestor-leadership-network\/\"]}]},{\"@type\":\"BreadcrumbList\",\"@id\":\"https:\/\/investorleadershipnetwork.org\/fr\/jean-raby-charles-emond-appointed-copresidents-du-conseil-des-ceo-de-linvestor-leadership-network\/#breadcrumb\",\"itemListElement\":[{\"@type\":\"ListItem\",\"position\":1,\"name\":\"Home\",\"item\":\"https:\/\/investorleadershipnetwork.org\/fr\/\"},{\"@type\":\"ListItem\",\"position\":2,\"name\":\"Jean Raby &amp; Charles Emond Appointed Copr\\u00e9sidents du Conseil des CEO de l&rsquo;Investor Leadership Network\"}]},{\"@type\":\"Article\",\"@id\":\"https:\/\/investorleadershipnetwork.org\/fr\/jean-raby-charles-emond-appointed-copresidents-du-conseil-des-ceo-de-linvestor-leadership-network\/#article\",\"isPartOf\":{\"@id\":\"https:\/\/investorleadershipnetwork.org\/fr\/jean-raby-charles-emond-appointed-copresidents-du-conseil-des-ceo-de-linvestor-leadership-network\/#webpage\"},\"author\":{\"@id\":\"https:\/\/investorleadershipnetwork.org\/fr\/#\/schema\/person\/c3be9907d5eacba517c56510ac589fbd\"},\"headline\":\"Jean Raby &amp; Charles Emond Appointed Copr\\u00e9sidents du Conseil des CEO de l&rsquo;Investor Leadership Network\",\"datePublished\":\"2021-09-14T23:54:44+00:00\",\"dateModified\":\"2021-09-14T23:54:44+00:00\",\"mainEntityOfPage\":{\"@id\":\"https:\/\/investorleadershipnetwork.org\/fr\/jean-raby-charles-emond-appointed-copresidents-du-conseil-des-ceo-de-linvestor-leadership-network\/#webpage\"},\"wordCount\":834,\"publisher\":{\"@id\":\"https:\/\/investorleadershipnetwork.org\/fr\/#organization\"},\"image\":{\"@id\":\"https:\/\/investorleadershipnetwork.org\/fr\/jean-raby-charles-emond-appointed-copresidents-du-conseil-des-ceo-de-linvestor-leadership-network\/#primaryimage\"},\"thumbnailUrl\":\"https:\/\/investorleadershipnetwork.org\/wp-content\/uploads\/aDAW.jpg\",\"articleSection\":[\"Communiqu\\u00e9s de presse\"],\"inLanguage\":\"fr-FR\"},{\"@type\":\"Person\",\"@id\":\"https:\/\/investorleadershipnetwork.org\/fr\/#\/schema\/person\/c3be9907d5eacba517c56510ac589fbd\",\"name\":\"nick\",\"url\":\"https:\/\/investorleadershipnetwork.org\/fr\/author\/nick\/\"}]}<\/script>\n<!-- \/ Yoast SEO plugin. -->","yoast_head_json":{"title":"Jean Raby & Charles Emond nomm\u00e9s copr\u00e9sidents du conseil des chefs de la direction","description":"Jean Raby, CEO of Natixis Investment Managers, et Charles Emond, President et CEO de CDPQ, ont \u00e9t\u00e9 nomm\u00e9s copr\u00e9sidents du Conseil des CEO de l'ILN","robots":{"index":"index","follow":"follow","max-snippet":"max-snippet:-1","max-image-preview":"max-image-preview:large","max-video-preview":"max-video-preview:-1"},"canonical":"https:\/\/investorleadershipnetwork.org\/fr\/jean-raby-charles-emond-appointed-copresidents-du-conseil-des-ceo-de-linvestor-leadership-network\/","og_locale":"fr_FR","og_type":"article","og_title":"Jean Raby & Charles Emond nomm\u00e9s copr\u00e9sidents du conseil des chefs de la direction","og_description":"Jean Raby, CEO of Natixis Investment Managers, et Charles Emond, President et CEO de CDPQ, ont \u00e9t\u00e9 nomm\u00e9s copr\u00e9sidents du Conseil des CEO de l'ILN","og_url":"https:\/\/investorleadershipnetwork.org\/fr\/jean-raby-charles-emond-appointed-copresidents-du-conseil-des-ceo-de-linvestor-leadership-network\/","og_site_name":"Investor Leadership Network","article_published_time":"2021-09-14T23:54:44+00:00","og_image":[{"width":800,"height":600,"url":"https:\/\/investorleadershipnetwork.org\/wp-content\/uploads\/aDAW.jpg","type":"image\/jpeg"}],"twitter_card":"summary_large_image","twitter_misc":{"\u00c9crit par":"nick","Dur\u00e9e de lecture est.":"4 minutes"},"schema":{"@context":"https:\/\/schema.org","@graph":[{"@type":"Organization","@id":"https:\/\/investorleadershipnetwork.org\/fr\/#organization","name":"Investor Leadership Network","url":"https:\/\/investorleadershipnetwork.org\/fr\/","sameAs":["https:\/\/www.linkedin.com\/company\/investorleadershipnetwork"],"logo":{"@type":"ImageObject","@id":"https:\/\/investorleadershipnetwork.org\/fr\/#logo","inLanguage":"fr-FR","url":"https:\/\/investorleadershipnetwork.org\/wp-content\/uploads\/ILN_Logo_en.svg","contentUrl":"https:\/\/investorleadershipnetwork.org\/wp-content\/uploads\/ILN_Logo_en.svg","width":769,"height":348,"caption":"Investor Leadership Network"},"image":{"@id":"https:\/\/investorleadershipnetwork.org\/fr\/#logo"}},{"@type":"WebSite","@id":"https:\/\/investorleadershipnetwork.org\/fr\/#website","url":"https:\/\/investorleadershipnetwork.org\/fr\/","name":"Investor Leadership Network","description":"Staging Site","publisher":{"@id":"https:\/\/investorleadershipnetwork.org\/fr\/#organization"},"potentialAction":[{"@type":"SearchAction","target":{"@type":"EntryPoint","urlTemplate":"https:\/\/investorleadershipnetwork.org\/fr\/?s={search_term_string}"},"query-input":"required name=search_term_string"}],"inLanguage":"fr-FR"},{"@type":"ImageObject","@id":"https:\/\/investorleadershipnetwork.org\/fr\/jean-raby-charles-emond-appointed-copresidents-du-conseil-des-ceo-de-linvestor-leadership-network\/#primaryimage","inLanguage":"fr-FR","url":"https:\/\/investorleadershipnetwork.org\/wp-content\/uploads\/aDAW.jpg","contentUrl":"https:\/\/investorleadershipnetwork.org\/wp-content\/uploads\/aDAW.jpg","width":800,"height":600,"caption":"Portrait de Jean Raby et Charles Emond membres du conseil d'administration de l'ILN"},{"@type":"WebPage","@id":"https:\/\/investorleadershipnetwork.org\/fr\/jean-raby-charles-emond-appointed-copresidents-du-conseil-des-ceo-de-linvestor-leadership-network\/#webpage","url":"https:\/\/investorleadershipnetwork.org\/fr\/jean-raby-charles-emond-appointed-copresidents-du-conseil-des-ceo-de-linvestor-leadership-network\/","name":"Jean Raby & Charles Emond nomm\u00e9s copr\u00e9sidents du conseil des chefs de la direction","isPartOf":{"@id":"https:\/\/investorleadershipnetwork.org\/fr\/#website"},"primaryImageOfPage":{"@id":"https:\/\/investorleadershipnetwork.org\/fr\/jean-raby-charles-emond-appointed-copresidents-du-conseil-des-ceo-de-linvestor-leadership-network\/#primaryimage"},"datePublished":"2021-09-14T23:54:44+00:00","dateModified":"2021-09-14T23:54:44+00:00","description":"Jean Raby, CEO of Natixis Investment Managers, et Charles Emond, President et CEO de CDPQ, ont \u00e9t\u00e9 nomm\u00e9s copr\u00e9sidents du Conseil des CEO de l'ILN","breadcrumb":{"@id":"https:\/\/investorleadershipnetwork.org\/fr\/jean-raby-charles-emond-appointed-copresidents-du-conseil-des-ceo-de-linvestor-leadership-network\/#breadcrumb"},"inLanguage":"fr-FR","potentialAction":[{"@type":"ReadAction","target":["https:\/\/investorleadershipnetwork.org\/fr\/jean-raby-charles-emond-appointed-copresidents-du-conseil-des-ceo-de-linvestor-leadership-network\/"]}]},{"@type":"BreadcrumbList","@id":"https:\/\/investorleadershipnetwork.org\/fr\/jean-raby-charles-emond-appointed-copresidents-du-conseil-des-ceo-de-linvestor-leadership-network\/#breadcrumb","itemListElement":[{"@type":"ListItem","position":1,"name":"Home","item":"https:\/\/investorleadershipnetwork.org\/fr\/"},{"@type":"ListItem","position":2,"name":"Jean Raby &amp; Charles Emond Appointed Copr\u00e9sidents du Conseil des CEO de l&rsquo;Investor Leadership Network"}]},{"@type":"Article","@id":"https:\/\/investorleadershipnetwork.org\/fr\/jean-raby-charles-emond-appointed-copresidents-du-conseil-des-ceo-de-linvestor-leadership-network\/#article","isPartOf":{"@id":"https:\/\/investorleadershipnetwork.org\/fr\/jean-raby-charles-emond-appointed-copresidents-du-conseil-des-ceo-de-linvestor-leadership-network\/#webpage"},"author":{"@id":"https:\/\/investorleadershipnetwork.org\/fr\/#\/schema\/person\/c3be9907d5eacba517c56510ac589fbd"},"headline":"Jean Raby &amp; Charles Emond Appointed Copr\u00e9sidents du Conseil des CEO de l&rsquo;Investor Leadership Network","datePublished":"2021-09-14T23:54:44+00:00","dateModified":"2021-09-14T23:54:44+00:00","mainEntityOfPage":{"@id":"https:\/\/investorleadershipnetwork.org\/fr\/jean-raby-charles-emond-appointed-copresidents-du-conseil-des-ceo-de-linvestor-leadership-network\/#webpage"},"wordCount":834,"publisher":{"@id":"https:\/\/investorleadershipnetwork.org\/fr\/#organization"},"image":{"@id":"https:\/\/investorleadershipnetwork.org\/fr\/jean-raby-charles-emond-appointed-copresidents-du-conseil-des-ceo-de-linvestor-leadership-network\/#primaryimage"},"thumbnailUrl":"https:\/\/investorleadershipnetwork.org\/wp-content\/uploads\/aDAW.jpg","articleSection":["Communiqu\u00e9s de presse"],"inLanguage":"fr-FR"},{"@type":"Person","@id":"https:\/\/investorleadershipnetwork.org\/fr\/#\/schema\/person\/c3be9907d5eacba517c56510ac589fbd","name":"nick","url":"https:\/\/investorleadershipnetwork.org\/fr\/author\/nick\/"}]}},"_links":{"self":[{"href":"https:\/\/investorleadershipnetwork.org\/fr\/wp-json\/wp\/v2\/posts\/1156","targetHints":{"allow":["GET"]}}],"collection":[{"href":"https:\/\/investorleadershipnetwork.org\/fr\/wp-json\/wp\/v2\/posts"}],"about":[{"href":"https:\/\/investorleadershipnetwork.org\/fr\/wp-json\/wp\/v2\/types\/post"}],"author":[{"embeddable":true,"href":"https:\/\/investorleadershipnetwork.org\/fr\/wp-json\/wp\/v2\/users\/2"}],"replies":[{"embeddable":true,"href":"https:\/\/investorleadershipnetwork.org\/fr\/wp-json\/wp\/v2\/comments?post=1156"}],"version-history":[{"count":0,"href":"https:\/\/investorleadershipnetwork.org\/fr\/wp-json\/wp\/v2\/posts\/1156\/revisions"}],"wp:featuredmedia":[{"embeddable":true,"href":"https:\/\/investorleadershipnetwork.org\/fr\/wp-json\/wp\/v2\/media\/987"}],"wp:attachment":[{"href":"https:\/\/investorleadershipnetwork.org\/fr\/wp-json\/wp\/v2\/media?parent=1156"}],"wp:term":[{"taxonomy":"category","embeddable":true,"href":"https:\/\/investorleadershipnetwork.org\/fr\/wp-json\/wp\/v2\/categories?post=1156"},{"taxonomy":"post_tag","embeddable":true,"href":"https:\/\/investorleadershipnetwork.org\/fr\/wp-json\/wp\/v2\/tags?post=1156"}],"curies":[{"name":"wp","href":"https:\/\/api.w.org\/{rel}","templated":true}]}}